{"id":516,"date":"2020-09-04T15:54:29","date_gmt":"2020-09-04T13:54:29","guid":{"rendered":"https:\/\/lamatiere.net\/?p=516"},"modified":"2024-07-01T19:06:21","modified_gmt":"2024-07-01T17:06:21","slug":"la-matiere","status":"publish","type":"post","link":"https:\/\/lamatiere.net\/index.php\/2020\/09\/04\/la-matiere\/","title":{"rendered":"La Mati\u00e8re"},"content":{"rendered":"<div class=\"wp-block-image\">\n<figure class=\"aligncenter size-full is-resized\"><img loading=\"lazy\" decoding=\"async\" width=\"1023\" height=\"683\" src=\"https:\/\/lamatiere.net\/wp-content\/uploads\/2024\/01\/La_Matiere_Photo_Groupe.jpg\" alt=\"\" class=\"wp-image-666\" style=\"width:1064px\" srcset=\"https:\/\/lamatiere.net\/wp-content\/uploads\/2024\/01\/La_Matiere_Photo_Groupe.jpg 1023w, https:\/\/lamatiere.net\/wp-content\/uploads\/2024\/01\/La_Matiere_Photo_Groupe-300x200.jpg 300w, https:\/\/lamatiere.net\/wp-content\/uploads\/2024\/01\/La_Matiere_Photo_Groupe-768x513.jpg 768w, https:\/\/lamatiere.net\/wp-content\/uploads\/2024\/01\/La_Matiere_Photo_Groupe-416x278.jpg 416w\" sizes=\"auto, (max-width: 1023px) 100vw, 1023px\" \/><\/figure>\n<\/div>\n\n<h1>La Mati\u00e8re<\/h1>\n<p>Compos\u00e9 de Meraxx, Tonto Noiza, D\u2019ter et Dalichar.<br \/>Ce groupe de r\u00e9gion parisienne nait en 2019 avec la sortie de leur album \u00e9ponyme sur le label ind\u00e9pendant de D\u00e9 L\u2019archiviste.<br \/>En 2022 le projet \u00ab\u00a0Un De Plus\u00a0\u00bb marque l&rsquo;arriv\u00e9e de Dalichar qui vient grossir les rangs du crew.<br \/>Depuis ils continuent ensemble que ce soit sur sc\u00e8ne, album, radio, jam ou graffitis.<br \/>Ils vivent leur passion le hip hop a 100%.<\/p>\n\n\n<div class=\"wp-block-buttons is-content-justification-center is-layout-flex wp-container-core-buttons-is-layout-a89b3969 wp-block-buttons-is-layout-flex\">\n<div class=\"wp-block-button\"><a class=\"wp-block-button__link wp-element-button\" href=\"https:\/\/www.discogs.com\/fr\/artist\/7519930-La-Mati%C3%A8re\" target=\"_blank\" rel=\"noreferrer noopener\">Discographie<\/a><\/div>\n<\/div>\n","protected":false},"excerpt":{"rendered":"<p>La Mati\u00e8re Compos\u00e9 de Meraxx, Tonto Noiza, D\u2019ter et Dalichar.Ce groupe de r\u00e9gion parisienne nait en 2019 avec la sortie de leur album \u00e9ponyme sur le label ind\u00e9pendant de D\u00e9 L\u2019archiviste.En 2022 le projet \u00ab\u00a0Un De Plus\u00a0\u00bb marque l&rsquo;arriv\u00e9e de Dalichar qui vient grossir les rangs du crew.Depuis ils continuent ensemble que ce soit sur [&hellip;]<\/p>\n","protected":false},"author":1,"featured_media":0,"comment_status":"closed","ping_status":"closed","sticky":false,"template":"","format":"standard","meta":{"footnotes":""},"categories":[47],"tags":[],"class_list":["post-516","post","type-post","status-publish","format-standard","hentry","category-artistes"],"_links":{"self":[{"href":"https:\/\/lamatiere.net\/index.php\/wp-json\/wp\/v2\/posts\/516","targetHints":{"allow":["GET"]}}],"collection":[{"href":"https:\/\/lamatiere.net\/index.php\/wp-json\/wp\/v2\/posts"}],"about":[{"href":"https:\/\/lamatiere.net\/index.php\/wp-json\/wp\/v2\/types\/post"}],"author":[{"embeddable":true,"href":"https:\/\/lamatiere.net\/index.php\/wp-json\/wp\/v2\/users\/1"}],"replies":[{"embeddable":true,"href":"https:\/\/lamatiere.net\/index.php\/wp-json\/wp\/v2\/comments?post=516"}],"version-history":[{"count":10,"href":"https:\/\/lamatiere.net\/index.php\/wp-json\/wp\/v2\/posts\/516\/revisions"}],"predecessor-version":[{"id":739,"href":"https:\/\/lamatiere.net\/index.php\/wp-json\/wp\/v2\/posts\/516\/revisions\/739"}],"wp:attachment":[{"href":"https:\/\/lamatiere.net\/index.php\/wp-json\/wp\/v2\/media?parent=516"}],"wp:term":[{"taxonomy":"category","embeddable":true,"href":"https:\/\/lamatiere.net\/index.php\/wp-json\/wp\/v2\/categories?post=516"},{"taxonomy":"post_tag","embeddable":true,"href":"https:\/\/lamatiere.net\/index.php\/wp-json\/wp\/v2\/tags?post=516"}],"curies":[{"name":"wp","href":"https:\/\/api.w.org\/{rel}","templated":true}]}}